{"id":8362,"date":"2024-10-15T14:34:50","date_gmt":"2024-10-15T14:34:50","guid":{"rendered":"https:\/\/irmedical.es\/aumento-de-clientes-con-problemas-capilares-soluciones-efectivas-en-ir-medical\/"},"modified":"2026-08-05T08:58:45","modified_gmt":"2026-08-05T08:58:45","slug":"aumento-de-clientes-con-problemas-capilares-soluciones-efectivas-en-ir-medical","status":"publish","type":"post","link":"https:\/\/irmedical.es\/fr\/aumento-de-clientes-con-problemas-capilares-soluciones-efectivas-en-ir-medical\/","title":{"rendered":"Augmentation du nombre de clients ayant des probl\u00e8mes capillaires : des solutions efficaces chez IR Medical"},"content":{"rendered":"\t\t<div data-elementor-type=\"wp-post\" data-elementor-id=\"8362\" class=\"elementor elementor-8362 elementor-5260\" data-elementor-post-type=\"post\">\n\t\t\t\t<div class=\"elementor-element elementor-element-48834ba3 e-flex e-con-boxed e-con e-parent\" data-id=\"48834ba3\" data-element_type=\"container\" data-e-type=\"container\">\n\t\t\t\t\t<div class=\"e-con-inner\">\n\t\t\t\t<div class=\"elementor-element elementor-element-3e0519d5 elementor-widget elementor-widget-text-editor\" data-id=\"3e0519d5\" data-element_type=\"widget\" data-e-type=\"widget\" data-widget_type=\"text-editor.default\">\n\t\t\t\t<div class=\"elementor-widget-container\">\n\t\t\t\t\t\t\t\t\t<h2 class=\"wp-block-heading\">Facteurs de croissance capillaire : La science ultime pour arr\u00eater la chute des cheveux<\/h2><p>La perte de densit\u00e9 et la chute des cheveux sont des pr\u00e9occupations qui touchent des millions de personnes, s\u2019accentuant nettement pendant l\u2019\u00e9t\u00e9 \u00e0 cause du stress oxydatif, du soleil et des changements m\u00e9taboliques. Quand les traitements classiques ne donnent pas de r\u00e9sultat, il est n\u00e9cessaire de recourir \u00e0 la biotechnologie cellulaire pour agir directement \u00e0 l\u2019origine du probl\u00e8me : les follicules pileux. <\/p><p>Chez IR Medical, nous mettons en place des solutions avanc\u00e9es pour la r\u00e9g\u00e9n\u00e9ration de la peau et des cheveux. Un des traitements les plus efficaces et soutenus par la science m\u00e9dicale est celui des facteurs de croissance capillaire, capables de relancer le cycle de vie des cheveux de mani\u00e8re acc\u00e9l\u00e9r\u00e9e. <span style=\"font-size: 2rem\"> <\/span><\/p>\t\t\t\t\t\t\t\t<\/div>\n\t\t\t\t<\/div>\n\t\t\t\t<div class=\"elementor-element elementor-element-a544201 elementor-widget elementor-widget-image\" data-id=\"a544201\" data-element_type=\"widget\" data-e-type=\"widget\" data-widget_type=\"image.default\">\n\t\t\t\t<div class=\"elementor-widget-container\">\n\t\t\t\t\t\t\t\t\t\t\t\t\t\t\t<img fetchpriority=\"high\" decoding=\"async\" width=\"800\" height=\"632\" src=\"https:\/\/irmedical.es\/wp-content\/uploads\/2024\/10\/factores-de-crecimiento-capilar.png\" class=\"attachment-large size-large wp-image-11058\" alt=\"facteurs de croissance capillaire\" srcset=\"https:\/\/irmedical.es\/wp-content\/uploads\/2024\/10\/factores-de-crecimiento-capilar.png 1000w, https:\/\/irmedical.es\/wp-content\/uploads\/2024\/10\/factores-de-crecimiento-capilar-300x237.png 300w, https:\/\/irmedical.es\/wp-content\/uploads\/2024\/10\/factores-de-crecimiento-capilar-768x607.png 768w, https:\/\/irmedical.es\/wp-content\/uploads\/2024\/10\/factores-de-crecimiento-capilar-600x474.png 600w\" sizes=\"(max-width: 800px) 100vw, 800px\" \/>\t\t\t\t\t\t\t\t\t\t\t\t\t\t\t<\/div>\n\t\t\t\t<\/div>\n\t\t\t\t<div class=\"elementor-element elementor-element-c965bc5 elementor-widget elementor-widget-text-editor\" data-id=\"c965bc5\" data-element_type=\"widget\" data-e-type=\"widget\" data-widget_type=\"text-editor.default\">\n\t\t\t\t<div class=\"elementor-widget-container\">\n\t\t\t\t\t\t\t\t\t<h2 class=\"wp-block-heading\"><span style=\"font-size: 2rem\">Comment agissent les facteurs de croissance sur tes follicules ?<\/span><\/h2><p>Les facteurs de croissance sont des prot\u00e9ines bioactives qui envoient des signaux aux cellules du cuir chevelu pour qu\u2019elles commencent la r\u00e9g\u00e9n\u00e9ration des tissus. Notre protocole exclusif PROHAIR GF concentre quatre bioactifs cl\u00e9s qui ciblent l\u2019alop\u00e9cie \u00e0 partir de diff\u00e9rents m\u00e9canismes m\u00e9taboliques : <\/p><ul class=\"wp-block-list\"><li style=\"list-style-type: none\"> <\/li><\/ul><ul class=\"wp-block-list\"><li style=\"list-style-type: none\"><ul class=\"wp-block-list\"><li><strong>Follistatine (Activateur Cellulaire) : <\/strong>Ce modulateur favorise l&rsquo;activation des cellules souches capillaires, ce qui aide \u00e0 lancer un nouveau cycle de croissance (phase anag\u00e8ne) sur des cheveux que nous pensions perdus.<\/li><\/ul><\/li><\/ul><ul class=\"wp-block-list\"><li style=\"list-style-type: none\"><ul class=\"wp-block-list\"><li><strong>VEGF (Apport en Nutriments) : <\/strong>Le Facteur de Croissance Endoth\u00e9lial Vasculaire stimule la microcirculation autour du follicule. En augmentant le flux sanguin, les cheveux re\u00e7oivent plus d&rsquo;oxyg\u00e8ne et de nutriments essentiels, ce qui les rend beaucoup plus forts et plus \u00e9pais. <\/li><\/ul><\/li><\/ul><ul class=\"wp-block-list\"><li style=\"list-style-type: none\"><ul class=\"wp-block-list\"><li><strong>IGF-1 (Prolif\u00e9ration et Soutien) :<\/strong> Favorise la multiplication cellulaire et agit comme un bouclier, emp\u00eachant l&rsquo;entr\u00e9e pr\u00e9matur\u00e9e du follicule dans la phase de chute (phase t\u00e9log\u00e8ne).<\/li><\/ul><\/li><\/ul><ul class=\"wp-block-list\"><li style=\"list-style-type: none\"><ul class=\"wp-block-list\"><li><strong>GM-CSF (Protection Antioxydante) :<\/strong> L&rsquo;\u00e9t\u00e9 ab\u00eeme le cuir chevelu. Ce facteur combat activement le stress oxydatif caus\u00e9 par les rayons du soleil, prot\u00e9geant les cellules souches de la racine.  <\/li><\/ul><\/li><\/ul>\t\t\t\t\t\t\t\t<\/div>\n\t\t\t\t<\/div>\n\t\t\t\t<div class=\"elementor-element elementor-element-5d638f4 elementor-widget elementor-widget-text-editor\" data-id=\"5d638f4\" data-element_type=\"widget\" data-e-type=\"widget\" data-widget_type=\"text-editor.default\">\n\t\t\t\t<div class=\"elementor-widget-container\">\n\t\t\t\t\t\t\t\t\t<h2 class=\"wp-block-heading\"><span style=\"font-size: 2rem\">Protocole d&rsquo;application : Polyvalence professionnelle maximale<\/span><\/h2><p>Les flacons st\u00e9riles de PROHAIR GF s\u2019int\u00e8grent tr\u00e8s facilement dans n\u2019importe quelle routine de soin capillaire avanc\u00e9e. \u00c9tant un concentr\u00e9 \u00e0 haute p\u00e9n\u00e9tration, il est particuli\u00e8rement efficace sur les zones o\u00f9 il reste encore des follicules actifs (zones avec des cheveux fins ou faibles). <br>Son application topique est extr\u00eamement polyvalente et offre des r\u00e9sultats visibles en peu de temps si elle est combin\u00e9e \u00e0 des massages manuels stimulants ou \u00e0 des techniques de micropuncture professionnelles comme le Dermapen.<\/p>\t\t\t\t\t\t\t\t<\/div>\n\t\t\t\t<\/div>\n\t\t\t\t<div class=\"elementor-element elementor-element-5b5a218 elementor-align-center elementor-widget elementor-widget-button\" data-id=\"5b5a218\" data-element_type=\"widget\" data-e-type=\"widget\" data-widget_type=\"button.default\">\n\t\t\t\t<div class=\"elementor-widget-container\">\n\t\t\t\t\t\t\t\t\t<div class=\"elementor-button-wrapper\">\n\t\t\t\t\t<a class=\"elementor-button elementor-button-link elementor-size-sm\" href=\"https:\/\/irmedical.es\/fr\/productos\/prohair\/\" target=\"_blank\">\n\t\t\t\t\t\t<span class=\"elementor-button-content-wrapper\">\n\t\t\t\t\t\t\t\t\t<span class=\"elementor-button-text\">En savoir plus sur  PROHAIR GF<\/span>\n\t\t\t\t\t<\/span>\n\t\t\t\t\t<\/a>\n\t\t\t\t<\/div>\n\t\t\t\t\t\t\t\t<\/div>\n\t\t\t\t<\/div>\n\t\t\t\t<div class=\"elementor-element elementor-element-635ddda elementor-widget elementor-widget-text-editor\" data-id=\"635ddda\" data-element_type=\"widget\" data-e-type=\"widget\" data-widget_type=\"text-editor.default\">\n\t\t\t\t<div class=\"elementor-widget-container\">\n\t\t\t\t\t\t\t\t\t<h2 class=\"wp-block-heading\"><span style=\"font-size: 2rem\">Cas de succ\u00e8s chez IR Medical<\/span><\/h2><p>De nombreux clients ont d\u00e9j\u00e0 constat\u00e9 des am\u00e9liorations significatives de la densit\u00e9, du volume et de la force de leurs cheveux apr\u00e8s avoir commenc\u00e9 les s\u00e9ances avec PROHAIR GF. Ces histoires \u00e0 succ\u00e8s refl\u00e8tent non seulement une r\u00e9duction notable de la chute des cheveux, mais aussi une augmentation r\u00e9elle de la confiance et du bien-\u00eatre personnel de nos patients. Si vous \u00eates confront\u00e9 \u00e0 des probl\u00e8mes d&rsquo;affaiblissement capillaire cet \u00e9t\u00e9, nous vous invitons \u00e0 prendre rendez-vous pour une consultation personnalis\u00e9e avec l&rsquo;\u00e9quipe m\u00e9dicale d&rsquo;IR Medical afin d&rsquo;\u00e9valuer votre cas et de vous guider vers une chevelure saine. <\/p>\t\t\t\t\t\t\t\t<\/div>\n\t\t\t\t<\/div>\n\t\t\t\t<div class=\"elementor-element elementor-element-5400964 elementor-widget elementor-widget-text-editor\" data-id=\"5400964\" data-element_type=\"widget\" data-e-type=\"widget\" data-widget_type=\"text-editor.default\">\n\t\t\t\t<div class=\"elementor-widget-container\">\n\t\t\t\t\t\t\t\t\t<h2 class=\"wp-block-heading\"><span style=\"font-size: 2rem\">Traitement PREVENHAIR de IR Medical<\/span><\/h2><p> PREVENHAIR est l&rsquo;association de facteurs fondamentaux de croissance avec des glycosides, des oligo-\u00e9l\u00e9ments, des acides amin\u00e9s et des prot\u00e9ines con\u00e7us pour la performance et la r\u00e9cup\u00e9ration des cheveux dont le bulbe est dans un \u00e9tat actif et non cicatris\u00e9.<br>R\u00e9active, nourrit, redensifie et revitalise le cuir chevelu. <strong>Produit exclusivement r\u00e9serv\u00e9 \u00e0 un usage professionnel.<\/strong> <\/p>\t\t\t\t\t\t\t\t<\/div>\n\t\t\t\t<\/div>\n\t\t\t\t<div class=\"elementor-element elementor-element-6f72557 elementor-align-center elementor-widget elementor-widget-button\" data-id=\"6f72557\" data-element_type=\"widget\" data-e-type=\"widget\" data-widget_type=\"button.default\">\n\t\t\t\t<div class=\"elementor-widget-container\">\n\t\t\t\t\t\t\t\t\t<div class=\"elementor-button-wrapper\">\n\t\t\t\t\t<a class=\"elementor-button elementor-button-link elementor-size-sm\" href=\"https:\/\/irmedical.es\/fr\/preven-hair\/\" target=\"_blank\">\n\t\t\t\t\t\t<span class=\"elementor-button-content-wrapper\">\n\t\t\t\t\t\t\t\t\t<span class=\"elementor-button-text\">en savoir plus sur PREVEN HAIR<\/span>\n\t\t\t\t\t<\/span>\n\t\t\t\t\t<\/a>\n\t\t\t\t<\/div>\n\t\t\t\t\t\t\t\t<\/div>\n\t\t\t\t<\/div>\n\t\t\t\t\t<\/div>\n\t\t\t\t<\/div>\n\t\t\t\t<\/div>\n\t\t","protected":false},"excerpt":{"rendered":"<p>La chute de cheveux a une origine m\u00e9tabolique profonde. D\u00e9couvre comment la science des facteurs de croissance capillaire r\u00e9ussit \u00e0 r\u00e9veiller les follicules inactifs, arr\u00eater l&rsquo;alop\u00e9cie et rendre de la densit\u00e9 \u00e0 ta chevelure cet \u00e9t\u00e9. <\/p>\n","protected":false},"author":2,"featured_media":8038,"comment_status":"open","ping_status":"open","sticky":false,"template":"","format":"standard","meta":{"_acf_changed":false,"footnotes":"","_members_access_role":[],"_members_access_error":""},"categories":[320],"tags":[],"class_list":["post-8362","post","type-post","status-publish","format-standard","has-post-thumbnail","hentry","category-non-classifiee"],"acf":[],"_links":{"self":[{"href":"https:\/\/irmedical.es\/fr\/wp-json\/wp\/v2\/posts\/8362","targetHints":{"allow":["GET"]}}],"collection":[{"href":"https:\/\/irmedical.es\/fr\/wp-json\/wp\/v2\/posts"}],"about":[{"href":"https:\/\/irmedical.es\/fr\/wp-json\/wp\/v2\/types\/post"}],"author":[{"embeddable":true,"href":"https:\/\/irmedical.es\/fr\/wp-json\/wp\/v2\/users\/2"}],"replies":[{"embeddable":true,"href":"https:\/\/irmedical.es\/fr\/wp-json\/wp\/v2\/comments?post=8362"}],"version-history":[{"count":4,"href":"https:\/\/irmedical.es\/fr\/wp-json\/wp\/v2\/posts\/8362\/revisions"}],"predecessor-version":[{"id":11060,"href":"https:\/\/irmedical.es\/fr\/wp-json\/wp\/v2\/posts\/8362\/revisions\/11060"}],"wp:featuredmedia":[{"embeddable":true,"href":"https:\/\/irmedical.es\/fr\/wp-json\/wp\/v2\/media\/8038"}],"wp:attachment":[{"href":"https:\/\/irmedical.es\/fr\/wp-json\/wp\/v2\/media?parent=8362"}],"wp:term":[{"taxonomy":"category","embeddable":true,"href":"https:\/\/irmedical.es\/fr\/wp-json\/wp\/v2\/categories?post=8362"},{"taxonomy":"post_tag","embeddable":true,"href":"https:\/\/irmedical.es\/fr\/wp-json\/wp\/v2\/tags?post=8362"}],"curies":[{"name":"wp","href":"https:\/\/api.w.org\/{rel}","templated":true}]}}